{"id":395,"date":"2025-11-21T08:30:56","date_gmt":"2025-11-21T04:30:56","guid":{"rendered":"https:\/\/www.abyo.re\/?p=395"},"modified":"2025-11-21T11:07:00","modified_gmt":"2025-11-21T07:07:00","slug":"395","status":"publish","type":"post","link":"https:\/\/www.abyo.re\/index.php\/2025\/11\/21\/395\/","title":{"rendered":"Et vous, c&rsquo;est pour quand ?"},"content":{"rendered":"\n<h2 class=\"wp-block-heading\"><strong>R\u00e9novation de toiture et installation photovolta\u00efque \u00e0 l\u2019\u00eele de la R\u00e9union : confort, \u00e9conomies et \u00e9nergie solaire<\/strong><\/h2>\n\n\n\n<figure class=\"wp-block-image size-large\"><img loading=\"lazy\" decoding=\"async\" width=\"1024\" height=\"768\" src=\"https:\/\/www.abyo.re\/wp-content\/uploads\/2025\/09\/1000065756-1024x768.jpg\" alt=\"\" class=\"wp-image-400\" srcset=\"https:\/\/www.abyo.re\/wp-content\/uploads\/2025\/09\/1000065756-1024x768.jpg 1024w, https:\/\/www.abyo.re\/wp-content\/uploads\/2025\/09\/1000065756-300x225.jpg 300w, https:\/\/www.abyo.re\/wp-content\/uploads\/2025\/09\/1000065756-768x576.jpg 768w, https:\/\/www.abyo.re\/wp-content\/uploads\/2025\/09\/1000065756-1536x1152.jpg 1536w, https:\/\/www.abyo.re\/wp-content\/uploads\/2025\/09\/1000065756-2048x1536.jpg 2048w\" sizes=\"auto, (max-width: 767px) 89vw, (max-width: 1000px) 54vw, (max-width: 1071px) 543px, 580px\" \/><figcaption class=\"wp-element-caption\">Vue depuis la toiture de l\u2019a\u00e9roport de Saint-Denis (2025)<\/figcaption><\/figure>\n\n\n\n<p>Vous recherchez une entreprise sp\u00e9cialis\u00e9e en <strong>r\u00e9novation de toiture \u00e0 la R\u00e9union <\/strong>? Vous souhaitez <strong>investir dans une toiture \u00e0 r\u00e9flexion solaire<\/strong> adapt\u00e9e au climat tropical de l\u2019\u00eele ? Notre \u00e9quipe, experte en <strong>toiture<\/strong>, <strong>r\u00e9novation<\/strong> et <strong>isolation<\/strong>, accompagne les <strong>particuliers et les professionnels <\/strong>dans tous leurs projets.<\/p>\n\n\n\n<p><strong>R\u00e9nover sa toiture<\/strong> \u00e0 la R\u00e9union : <strong>s\u00e9curit\u00e9<\/strong> et <strong>valorisation<\/strong> de votre bien<\/p>\n\n\n\n<p>Le climat r\u00e9unionnais, avec son soleil intense, ses pluies tropicales et ses cyclones, met vos toitures \u00e0 rude \u00e9preuve. Une r\u00e9novation est donc essentielle pour prot\u00e9ger votre maison.<br \/>Nos services de r\u00e9novation de toiture \u00e0 la R\u00e9union vous garantissent :<\/p>\n\n\n\n<p>une <strong>\u00e9tanch\u00e9it\u00e9<\/strong> <strong>optimale<\/strong> contre les fortes pluies et infiltrations,<\/p>\n\n\n\n<p>une <strong>isolation thermique<\/strong> renforc\u00e9e pour un meilleur confort dans un climat chaud,<\/p>\n\n\n\n<p>une <strong>valorisation immobili\u00e8re<\/strong> en cas de vente ou de location.<\/p>\n\n\n\n<p>\ud83d\udc49 Que vous soyez \u00e0 Saint-Denis, Saint-Pierre, Saint-Paul, Le Tampon ou dans l\u2019Est de l\u2019\u00eele, nos couvreurs interviennent rapidement pour vos travaux.<\/p>\n\n\n\n<p><strong>Toiture a r\u00e9flexion solaire<\/strong> \u00e0 la R\u00e9union : profitez d\u2019une protection efficace du soleil toute l\u2019ann\u00e9e<\/p>\n\n\n\n<p>Avec plus de 2 800 heures d\u2019ensoleillement par an, la R\u00e9union est un lieu id\u00e9al pour <strong>l\u2019isolation<\/strong> des <strong>panneaux <\/strong>de t\u00f4le m\u00e9tallique avec une r\u00e9sine r\u00e9flective adapt\u00e9e .<br \/>Choisir <strong>l\u2019isolation r\u00e9flective<\/strong> \u00e0 la R\u00e9union, c\u2019est :<\/p>\n\n\n\n<p>\u2022 cr\u00e9er le climat d\u2019une <strong>maison fra\u00eeche et agr\u00e9able<\/strong>. <\/p>\n\n\n\n<p>\u2022 <strong>r\u00e9duire vos factures <\/strong>d\u2019\u00e9lectricit\u00e9 gr\u00e2ce \u00e0 <strong>au faible recours \u00e0 la ventilation et la climatisation<\/strong>,<\/p>\n\n\n\n<p>\u2022 <strong>rentabiliser<\/strong> rapidement vos travaux en <strong>\u00e9conomisant de l\u2019\u00e9nergie<\/strong>.<\/p>\n\n\n\n<p>\ud83d\udca1 Notre \u00e9quipe s\u2019occupe de l\u2019\u00e9tude de <strong>faisabilit\u00e9<\/strong>, de <strong>la mise en \u0153uvre <\/strong>et des <strong>d\u00e9marches<\/strong> <strong>administratives<\/strong>, pour un projet cl\u00e9 en main.<\/p>\n\n\n\n<p>Pourquoi nous choisir pour vos travaux \u00e0 la R\u00e9union ?<\/p>\n\n\n\n<p>En tant qu\u2019entreprise locale sp\u00e9cialis\u00e9e en <strong>toiture<\/strong> et <strong>\u00e9tanch\u00e9it\u00e9<\/strong>, nous connaissons parfaitement les contraintes climatiques de l\u2019\u00eele et proposons des <strong>solutions<\/strong> <strong>durables<\/strong> et adapt\u00e9es :<\/p>\n\n\n\n<p>\u2022 <strong>expertise<\/strong> locale,<\/p>\n\n\n\n<p>\u2022 <strong>mat\u00e9riaux r\u00e9sistants<\/strong> au climat tropical,<\/p>\n\n\n\n<p>\u2022 pose professionnelle <strong>garantie<\/strong>,<\/p>\n\n\n\n<p>\u2022 accompagnement pour les <strong>aides<\/strong> et <strong>subventions locales<\/strong>.<\/p>\n\n\n\n<p class=\"has-text-align-left\"><\/p>\n\n\n\n<figure class=\"wp-block-image size-large\"><img loading=\"lazy\" decoding=\"async\" width=\"576\" height=\"1024\" src=\"https:\/\/www.abyo.re\/wp-content\/uploads\/2025\/09\/010069150-576x1024.jpg\" alt=\"\" class=\"wp-image-403\" srcset=\"https:\/\/www.abyo.re\/wp-content\/uploads\/2025\/09\/010069150-576x1024.jpg 576w, https:\/\/www.abyo.re\/wp-content\/uploads\/2025\/09\/010069150-169x300.jpg 169w, https:\/\/www.abyo.re\/wp-content\/uploads\/2025\/09\/010069150-768x1365.jpg 768w, https:\/\/www.abyo.re\/wp-content\/uploads\/2025\/09\/010069150-864x1536.jpg 864w, https:\/\/www.abyo.re\/wp-content\/uploads\/2025\/09\/010069150-1152x2048.jpg 1152w, https:\/\/www.abyo.re\/wp-content\/uploads\/2025\/09\/010069150-scaled.jpg 1440w\" sizes=\"auto, (max-width: 576px) 100vw, 576px\" \/><\/figure>\n","protected":false},"excerpt":{"rendered":"<p>ABYO SAS, r\u00e9alise des toitures dont l\u2019\u00e9tanch\u00e9it\u00e9 a \u00e9t\u00e9 \u00e9prouv\u00e9e pendant 10 ans au moins<\/p>\n","protected":false},"author":5,"featured_media":415,"comment_status":"open","ping_status":"open","sticky":false,"template":"","format":"standard","meta":{"_jetpack_memberships_contains_paid_content":false,"footnotes":""},"categories":[8],"tags":[27,19,29,26,20,32,24,31,28,21,25,33,30,17,22,16,18,23],"class_list":["post-395","post","type-post","status-publish","format-standard","has-post-thumbnail","hentry","category-analyse-toiture","tag-autoconsommation-solaire","tag-couvreur-professionnel","tag-electricite-photovoltaique","tag-energie-solaire","tag-entretien-toiture","tag-installateur-photovoltaique-certifie","tag-installation-panneaux-solaires","tag-installation-panneaux-solaires-maison","tag-installation-solaire-toiture","tag-isolation-toiture","tag-panneaux-photovoltaiques","tag-prime-autoconsommation-solaire","tag-production-energie-renouvelable","tag-refection-toiture","tag-remplacement-tuiles","tag-renovation-toiture","tag-reparation-toiture","tag-zinguerie-et-etancheite-toiture"],"jetpack_featured_media_url":"https:\/\/www.abyo.re\/wp-content\/uploads\/2025\/09\/img_0688.jpg","jetpack_sharing_enabled":true,"_links":{"self":[{"href":"https:\/\/www.abyo.re\/index.php\/wp-json\/wp\/v2\/posts\/395","targetHints":{"allow":["GET"]}}],"collection":[{"href":"https:\/\/www.abyo.re\/index.php\/wp-json\/wp\/v2\/posts"}],"about":[{"href":"https:\/\/www.abyo.re\/index.php\/wp-json\/wp\/v2\/types\/post"}],"author":[{"embeddable":true,"href":"https:\/\/www.abyo.re\/index.php\/wp-json\/wp\/v2\/users\/5"}],"replies":[{"embeddable":true,"href":"https:\/\/www.abyo.re\/index.php\/wp-json\/wp\/v2\/comments?post=395"}],"version-history":[{"count":12,"href":"https:\/\/www.abyo.re\/index.php\/wp-json\/wp\/v2\/posts\/395\/revisions"}],"predecessor-version":[{"id":447,"href":"https:\/\/www.abyo.re\/index.php\/wp-json\/wp\/v2\/posts\/395\/revisions\/447"}],"wp:featuredmedia":[{"embeddable":true,"href":"https:\/\/www.abyo.re\/index.php\/wp-json\/wp\/v2\/media\/415"}],"wp:attachment":[{"href":"https:\/\/www.abyo.re\/index.php\/wp-json\/wp\/v2\/media?parent=395"}],"wp:term":[{"taxonomy":"category","embeddable":true,"href":"https:\/\/www.abyo.re\/index.php\/wp-json\/wp\/v2\/categories?post=395"},{"taxonomy":"post_tag","embeddable":true,"href":"https:\/\/www.abyo.re\/index.php\/wp-json\/wp\/v2\/tags?post=395"}],"curies":[{"name":"wp","href":"https:\/\/api.w.org\/{rel}","templated":true}]}}